{"id":860,"date":"2023-09-23T10:30:00","date_gmt":"2023-09-23T08:30:00","guid":{"rendered":"https:\/\/reinecosmetique.fr\/die-kunst-ihr-afrohaar-mit-dem-richtigen-kamm-zu-baendigen\/"},"modified":"2023-09-23T10:30:00","modified_gmt":"2023-09-23T08:30:00","slug":"die-kunst-ihr-afrohaar-mit-dem-richtigen-kamm-zu-baendigen","status":"publish","type":"post","link":"https:\/\/reinecosmetique.fr\/de\/die-kunst-ihr-afrohaar-mit-dem-richtigen-kamm-zu-baendigen\/","title":{"rendered":"Die Kunst, Ihr Afrohaar mit dem richtigen Kamm zu b\u00e4ndigen"},"content":{"rendered":"<p>Afrohaar hat eine einzigartige Natur und ben\u00f6tigt besondere Pflege. Ein wichtiges Element im Sortiment der Haaraccessoires f\u00fcr den Afro-Style ist der <strong>Afro-Kamm<\/strong>. Er ist ein wichtiger Bestandteil der t\u00e4glichen Pflege f\u00fcr alle, die ihre Locken gesund erhalten wollen.  <\/p>\n<h2>Warum sollten Sie einen speziellen Kamm f\u00fcr Ihr Afrohaar verwenden?<\/h2>\n<p>Das Hauptmerkmal von Afrohaar ist seine Dichte und Kr\u00e4uselung. Normale K\u00e4mme sind oft ungeeignet und k\u00f6nnen die Haarstruktur besch\u00e4digen. Ein Afrokamm hingegen hat <strong>breite<\/strong>, weit auseinander liegende <strong>Zinken<\/strong>, die der spezifischen Natur des Afrohaares entsprechen. Er entwirrt effektiv und schmerzfrei und bewahrt die Qualit\u00e4t der Locken.   <\/p>\n<h2>Die verschiedenen Arten von Afrok\u00e4mmen<\/h2>\n<p>Es gibt verschiedene Arten von Afrok\u00e4mmen, um den Bed\u00fcrfnissen jedes Einzelnen in Bezug auf Gr\u00f6\u00dfe, Form und Material gerecht zu werden. Hier sind einige der beliebtesten : <\/p>\n<h3>Der klassische Afrokamm<\/h3>\n<p>Er ist das ideale Basiswerkzeug zum Entwirren und Frisieren von Afrohaar. Seine Kunststoffstruktur ist leicht und widerstandsf\u00e4hig, was ihn zu einem praktischen Begleiter f\u00fcr den Alltag macht. Die Zinken des Kamms sind in der Regel breit und weit auseinander, so dass das Haar entwirrt werden kann, ohne zu sehr zu brechen oder zu ziehen.  <\/p>\n<h3>Der Afrokamm aus Bambus<\/h3>\n<p>Der <strong>Afrokamm aus Bambus<\/strong> ist eine interessante Alternative, die umweltfreundlicher ist als die Plastikversion. Bambus ist ein robustes und langlebiges Naturmaterial, das Ihrer Afro-Haarroutine einen authentischen Touch verleiht. Sein Hauptvorteil liegt in seiner F\u00e4higkeit, die statische Elektrizit\u00e4t beim Styling zu reduzieren und so Frizz zu vermeiden.  <\/p>\n<h3>Der Afrokamm mit Stiel<\/h3>\n<p>F\u00fcr diejenigen, die mehr Kontrolle beim Entwirren w\u00fcnschen, ist der Afrokamm mit Stiel eine gute Wahl. Zus\u00e4tzlich zu den breiten und weit auseinander liegenden Zinken des Afrokamms verf\u00fcgt er \u00fcber einen ergonomischen Griff, der die Handhabung erleichtert und f\u00fcr mehr Bewegungsfreiheit sorgt. <\/p>\n<h2><img fetchpriority=\"high\" decoding=\"async\" class=\"aligncenter wp-image-75 size-full\" src=\"https:\/\/www.reinecosmetique.fr\/wp-content\/uploads\/2023\/09\/lart-de-dompter-vos-cheveux-afro-avec-le-peigne-approprie-1.jpg\" alt=\"\" width=\"1440\" height=\"810\" srcset=\"https:\/\/reinecosmetique.fr\/wp-content\/uploads\/2023\/09\/lart-de-dompter-vos-cheveux-afro-avec-le-peigne-approprie-1.jpg 1440w, https:\/\/reinecosmetique.fr\/wp-content\/uploads\/2023\/09\/lart-de-dompter-vos-cheveux-afro-avec-le-peigne-approprie-1-300x169.jpg 300w, https:\/\/reinecosmetique.fr\/wp-content\/uploads\/2023\/09\/lart-de-dompter-vos-cheveux-afro-avec-le-peigne-approprie-1-1024x576.jpg 1024w, https:\/\/reinecosmetique.fr\/wp-content\/uploads\/2023\/09\/lart-de-dompter-vos-cheveux-afro-avec-le-peigne-approprie-1-768x432.jpg 768w\" sizes=\"(max-width: 1440px) 100vw, 1440px\" \/><\/h2>\n<h2>Wie verwende ich den Afrokamm, um optimale Ergebnisse zu erzielen?<\/h2>\n<p>Die Wahl eines guten Kamms, der Ihren Bed\u00fcrfnissen entspricht, ist wichtig, aber Sie m\u00fcssen auch wissen, wie Sie ihn richtig benutzen. Hier sind einige Tipps, wie Sie das Beste aus Ihrem Afrokamm herausholen k\u00f6nnen: <\/p>\n<ol>\n<li><strong>Feuchten Sie Ihr Haar zun\u00e4chst gut an<\/strong>. Um das K\u00e4mmen zu erleichtern und Lockenbr\u00fcche zu vermeiden, sollten Sie Ihr Haar im feuchten Zustand oder nach dem Auftragen einer Feuchtigkeitspflege entwirren. <\/li>\n<li><strong>Entwirren Sie Ihr Haar in Sektionen<\/strong>. Teilen Sie es in mehrere Abschnitte ein, um den Vorgang zu erleichtern. Beginnen Sie im Nacken und arbeiten Sie sich nach und nach zum Oberkopf vor, wobei Sie jede Sektion sanft durchk\u00e4mmen.  <\/li>\n<li><strong>Verwenden Sie eine &#8222;Trockenkamm&#8220;-Technik<\/strong>, um die nat\u00fcrlichen Locken Ihres Afrohaars zu erhalten. Dabei k\u00e4mmen Sie die Spitzen sanft durch und arbeiten sich dann langsam zum Ansatz vor. <\/li>\n<li><strong>Seien Sie<\/strong> w\u00e4hrend des gesamten Entwirrens <strong>geduldig und behutsam<\/strong>. Je mehr Sie die Knoten aufbrechen, desto mehr k\u00f6nnen Sie Ihr Haar sch\u00e4digen und Spliss verursachen. <\/li>\n<\/ol>\n<h2>Muss ich einen speziellen Afrokamm f\u00fcr meine Frisur w\u00e4hlen?<\/h2>\n<p>Der Afrokamm ist in erster Linie f\u00fcr die Pflege von krausem und lockigem Haar gedacht, kann aber auch f\u00fcr bestimmte Frisuren n\u00fctzlich sein:<\/p>\n<ul>\n<li><strong>Dreadlocks<\/strong>: Wenn Sie Dreadlocks tragen, sollten Sie sich f\u00fcr ein Modell mit noch breiteren und weiter auseinander liegenden Z\u00e4hnen entscheiden, damit Ihre Frisur nicht besch\u00e4digt wird.<\/li>\n<li><strong>Vanille, Z\u00f6pfe oder Twists<\/strong>: F\u00fcr diese sch\u00fctzenden Frisuren kann ein Afrokamm mit Stiel sehr praktisch sein, um die Str\u00e4hnen abzutrennen und zu gl\u00e4tten, bevor sie geflochten oder gedreht werden.<\/li>\n<li><strong>Volumen<\/strong>: Um einer Afro-Frisur Volumen zu verleihen, k\u00f6nnen Sie auch einen geeigneten Kamm verwenden. Wenn Sie damit sanft \u00fcber den Ansatz fahren, wird das Haar angehoben und es entsteht ein volumin\u00f6ser Effekt. <\/li>\n<\/ul>\n<p>Insgesamt <strong>ist der Afrokamm ein wertvoller Verb\u00fcndeter<\/strong> bei der Pflege von krausem und lockigem Haar. Achten Sie darauf, dass Sie den richtigen Kamm f\u00fcr Ihre Bed\u00fcrfnisse w\u00e4hlen und experimentieren Sie mit verschiedenen Techniken, um das gew\u00fcnschte Ergebnis zu erzielen. Wir w\u00fcnschen Ihnen sch\u00f6ne, gesunde und gut entwirrte Locken!  <\/p>\n","protected":false},"excerpt":{"rendered":"<p>Afrohaar hat eine einzigartige Natur und ben\u00f6tigt besondere Pflege. Ein wichtiges Element im Sortiment der Haaraccessoires f\u00fcr den Afro-Style ist der Afro-Kamm. Er ist ein wichtiger Bestandteil der t\u00e4glichen Pflege f\u00fcr alle, die ihre Locken gesund erhalten wollen. Warum sollten Sie einen speziellen Kamm f\u00fcr Ihr Afrohaar verwenden? Das Hauptmerkmal von Afrohaar ist seine Dichte [&hellip;]<\/p>\n","protected":false},"author":1,"featured_media":867,"comment_status":"open","ping_status":"open","sticky":false,"template":"","format":"standard","meta":{"footnotes":""},"categories":[128,129],"tags":[],"class_list":["post-860","post","type-post","status-publish","format-standard","has-post-thumbnail","hentry","category-haar","category-wohlbefinden"],"yoast_head":"<!-- This site is optimized with the Yoast SEO plugin v22.6 - https:\/\/yoast.com\/wordpress\/plugins\/seo\/ -->\n<title>Die Kunst, Ihr Afrohaar mit dem richtigen Kamm zu b\u00e4ndigen - Reine Cosmetique<\/title>\n<meta name=\"robots\" content=\"index, follow, max-snippet:-1, max-image-preview:large, max-video-preview:-1\" \/>\n<link rel=\"canonical\" href=\"https:\/\/reinecosmetique.fr\/de\/die-kunst-ihr-afrohaar-mit-dem-richtigen-kamm-zu-baendigen\/\" \/>\n<meta property=\"og:locale\" content=\"de_DE\" \/>\n<meta property=\"og:type\" content=\"article\" \/>\n<meta property=\"og:title\" content=\"Die Kunst, Ihr Afrohaar mit dem richtigen Kamm zu b\u00e4ndigen - Reine Cosmetique\" \/>\n<meta property=\"og:description\" content=\"Afrohaar hat eine einzigartige Natur und ben\u00f6tigt besondere Pflege. Ein wichtiges Element im Sortiment der Haaraccessoires f\u00fcr den Afro-Style ist der Afro-Kamm. Er ist ein wichtiger Bestandteil der t\u00e4glichen Pflege f\u00fcr alle, die ihre Locken gesund erhalten wollen. Warum sollten Sie einen speziellen Kamm f\u00fcr Ihr Afrohaar verwenden? Das Hauptmerkmal von Afrohaar ist seine Dichte [&hellip;]\" \/>\n<meta property=\"og:url\" content=\"https:\/\/reinecosmetique.fr\/de\/die-kunst-ihr-afrohaar-mit-dem-richtigen-kamm-zu-baendigen\/\" \/>\n<meta property=\"og:site_name\" content=\"Reine Cosmetique\" \/>\n<meta property=\"article:published_time\" content=\"2023-09-23T08:30:00+00:00\" \/>\n<meta property=\"og:image\" content=\"https:\/\/reinecosmetique.fr\/wp-content\/uploads\/2023\/09\/lart-de-dompter-vos-cheveux-afro-avec-le-peigne-approprie-2.jpg\" \/>\n\t<meta property=\"og:image:width\" content=\"1440\" \/>\n\t<meta property=\"og:image:height\" content=\"810\" \/>\n\t<meta property=\"og:image:type\" content=\"image\/jpeg\" \/>\n<meta name=\"author\" content=\"reinecosmetique\" \/>\n<meta name=\"twitter:card\" content=\"summary_large_image\" \/>\n<meta name=\"twitter:label1\" content=\"Verfasst von\" \/>\n\t<meta name=\"twitter:data1\" content=\"reinecosmetique\" \/>\n\t<meta name=\"twitter:label2\" content=\"Gesch\u00e4tzte Lesezeit\" \/>\n\t<meta name=\"twitter:data2\" content=\"3 Minuten\" \/>\n<script type=\"application\/ld+json\" class=\"yoast-schema-graph\">{\"@context\":\"https:\/\/schema.org\",\"@graph\":[{\"@type\":\"Article\",\"@id\":\"https:\/\/reinecosmetique.fr\/de\/die-kunst-ihr-afrohaar-mit-dem-richtigen-kamm-zu-baendigen\/#article\",\"isPartOf\":{\"@id\":\"https:\/\/reinecosmetique.fr\/de\/die-kunst-ihr-afrohaar-mit-dem-richtigen-kamm-zu-baendigen\/\"},\"author\":{\"name\":\"reinecosmetique\",\"@id\":\"https:\/\/reinecosmetique.fr\/de\/#\/schema\/person\/e7af023d35cd85181add99c13c4e9a47\"},\"headline\":\"Die Kunst, Ihr Afrohaar mit dem richtigen Kamm zu b\u00e4ndigen\",\"datePublished\":\"2023-09-23T08:30:00+00:00\",\"dateModified\":\"2023-09-23T08:30:00+00:00\",\"mainEntityOfPage\":{\"@id\":\"https:\/\/reinecosmetique.fr\/de\/die-kunst-ihr-afrohaar-mit-dem-richtigen-kamm-zu-baendigen\/\"},\"wordCount\":678,\"commentCount\":0,\"publisher\":{\"@id\":\"https:\/\/reinecosmetique.fr\/de\/#organization\"},\"image\":{\"@id\":\"https:\/\/reinecosmetique.fr\/de\/die-kunst-ihr-afrohaar-mit-dem-richtigen-kamm-zu-baendigen\/#primaryimage\"},\"thumbnailUrl\":\"https:\/\/reinecosmetique.fr\/wp-content\/uploads\/2023\/09\/lart-de-dompter-vos-cheveux-afro-avec-le-peigne-approprie-2.jpg\",\"articleSection\":[\"Haar\",\"Wohlbefinden\"],\"inLanguage\":\"de\",\"potentialAction\":[{\"@type\":\"CommentAction\",\"name\":\"Comment\",\"target\":[\"https:\/\/reinecosmetique.fr\/de\/die-kunst-ihr-afrohaar-mit-dem-richtigen-kamm-zu-baendigen\/#respond\"]}]},{\"@type\":\"WebPage\",\"@id\":\"https:\/\/reinecosmetique.fr\/de\/die-kunst-ihr-afrohaar-mit-dem-richtigen-kamm-zu-baendigen\/\",\"url\":\"https:\/\/reinecosmetique.fr\/de\/die-kunst-ihr-afrohaar-mit-dem-richtigen-kamm-zu-baendigen\/\",\"name\":\"Die Kunst, Ihr Afrohaar mit dem richtigen Kamm zu b\u00e4ndigen - Reine Cosmetique\",\"isPartOf\":{\"@id\":\"https:\/\/reinecosmetique.fr\/de\/#website\"},\"primaryImageOfPage\":{\"@id\":\"https:\/\/reinecosmetique.fr\/de\/die-kunst-ihr-afrohaar-mit-dem-richtigen-kamm-zu-baendigen\/#primaryimage\"},\"image\":{\"@id\":\"https:\/\/reinecosmetique.fr\/de\/die-kunst-ihr-afrohaar-mit-dem-richtigen-kamm-zu-baendigen\/#primaryimage\"},\"thumbnailUrl\":\"https:\/\/reinecosmetique.fr\/wp-content\/uploads\/2023\/09\/lart-de-dompter-vos-cheveux-afro-avec-le-peigne-approprie-2.jpg\",\"datePublished\":\"2023-09-23T08:30:00+00:00\",\"dateModified\":\"2023-09-23T08:30:00+00:00\",\"breadcrumb\":{\"@id\":\"https:\/\/reinecosmetique.fr\/de\/die-kunst-ihr-afrohaar-mit-dem-richtigen-kamm-zu-baendigen\/#breadcrumb\"},\"inLanguage\":\"de\",\"potentialAction\":[{\"@type\":\"ReadAction\",\"target\":[\"https:\/\/reinecosmetique.fr\/de\/die-kunst-ihr-afrohaar-mit-dem-richtigen-kamm-zu-baendigen\/\"]}]},{\"@type\":\"ImageObject\",\"inLanguage\":\"de\",\"@id\":\"https:\/\/reinecosmetique.fr\/de\/die-kunst-ihr-afrohaar-mit-dem-richtigen-kamm-zu-baendigen\/#primaryimage\",\"url\":\"https:\/\/reinecosmetique.fr\/wp-content\/uploads\/2023\/09\/lart-de-dompter-vos-cheveux-afro-avec-le-peigne-approprie-2.jpg\",\"contentUrl\":\"https:\/\/reinecosmetique.fr\/wp-content\/uploads\/2023\/09\/lart-de-dompter-vos-cheveux-afro-avec-le-peigne-approprie-2.jpg\",\"width\":1440,\"height\":810},{\"@type\":\"BreadcrumbList\",\"@id\":\"https:\/\/reinecosmetique.fr\/de\/die-kunst-ihr-afrohaar-mit-dem-richtigen-kamm-zu-baendigen\/#breadcrumb\",\"itemListElement\":[{\"@type\":\"ListItem\",\"position\":1,\"name\":\"Accueil\",\"item\":\"https:\/\/reinecosmetique.fr\/de\/entdecken-sie-die-kunst-der-schoenheit-auf-unserer-website-trends-tipps-und-entdeckungen\/\"},{\"@type\":\"ListItem\",\"position\":2,\"name\":\"Die Kunst, Ihr Afrohaar mit dem richtigen Kamm zu b\u00e4ndigen\"}]},{\"@type\":\"WebSite\",\"@id\":\"https:\/\/reinecosmetique.fr\/de\/#website\",\"url\":\"https:\/\/reinecosmetique.fr\/de\/\",\"name\":\"Reine Cosmetique\",\"description\":\"\",\"publisher\":{\"@id\":\"https:\/\/reinecosmetique.fr\/de\/#organization\"},\"potentialAction\":[{\"@type\":\"SearchAction\",\"target\":{\"@type\":\"EntryPoint\",\"urlTemplate\":\"https:\/\/reinecosmetique.fr\/de\/?s={search_term_string}\"},\"query-input\":\"required name=search_term_string\"}],\"inLanguage\":\"de\"},{\"@type\":\"Organization\",\"@id\":\"https:\/\/reinecosmetique.fr\/de\/#organization\",\"name\":\"Reine Cosmetique\",\"url\":\"https:\/\/reinecosmetique.fr\/de\/\",\"logo\":{\"@type\":\"ImageObject\",\"inLanguage\":\"de\",\"@id\":\"https:\/\/reinecosmetique.fr\/de\/#\/schema\/logo\/image\/\",\"url\":\"https:\/\/reinecosmetique.fr\/wp-content\/uploads\/2023\/11\/logo.png\",\"contentUrl\":\"https:\/\/reinecosmetique.fr\/wp-content\/uploads\/2023\/11\/logo.png\",\"width\":203,\"height\":176,\"caption\":\"Reine Cosmetique\"},\"image\":{\"@id\":\"https:\/\/reinecosmetique.fr\/de\/#\/schema\/logo\/image\/\"}},{\"@type\":\"Person\",\"@id\":\"https:\/\/reinecosmetique.fr\/de\/#\/schema\/person\/e7af023d35cd85181add99c13c4e9a47\",\"name\":\"reinecosmetique\",\"image\":{\"@type\":\"ImageObject\",\"inLanguage\":\"de\",\"@id\":\"https:\/\/reinecosmetique.fr\/de\/#\/schema\/person\/image\/\",\"url\":\"https:\/\/secure.gravatar.com\/avatar\/57cce553753163cf73ee9cdd9ecefccb526cd7f0b33cb0c0309ab2e04fd3c4d9?s=96&d=mm&r=g\",\"contentUrl\":\"https:\/\/secure.gravatar.com\/avatar\/57cce553753163cf73ee9cdd9ecefccb526cd7f0b33cb0c0309ab2e04fd3c4d9?s=96&d=mm&r=g\",\"caption\":\"reinecosmetique\"},\"sameAs\":[\"https:\/\/www.reinecosmetique.fr\"],\"url\":\"https:\/\/reinecosmetique.fr\/de\/author\/reinecosmetique\/\"}]}<\/script>\n<!-- \/ Yoast SEO plugin. -->","yoast_head_json":{"title":"Die Kunst, Ihr Afrohaar mit dem richtigen Kamm zu b\u00e4ndigen - Reine Cosmetique","robots":{"index":"index","follow":"follow","max-snippet":"max-snippet:-1","max-image-preview":"max-image-preview:large","max-video-preview":"max-video-preview:-1"},"canonical":"https:\/\/reinecosmetique.fr\/de\/die-kunst-ihr-afrohaar-mit-dem-richtigen-kamm-zu-baendigen\/","og_locale":"de_DE","og_type":"article","og_title":"Die Kunst, Ihr Afrohaar mit dem richtigen Kamm zu b\u00e4ndigen - Reine Cosmetique","og_description":"Afrohaar hat eine einzigartige Natur und ben\u00f6tigt besondere Pflege. Ein wichtiges Element im Sortiment der Haaraccessoires f\u00fcr den Afro-Style ist der Afro-Kamm. Er ist ein wichtiger Bestandteil der t\u00e4glichen Pflege f\u00fcr alle, die ihre Locken gesund erhalten wollen. Warum sollten Sie einen speziellen Kamm f\u00fcr Ihr Afrohaar verwenden? Das Hauptmerkmal von Afrohaar ist seine Dichte [&hellip;]","og_url":"https:\/\/reinecosmetique.fr\/de\/die-kunst-ihr-afrohaar-mit-dem-richtigen-kamm-zu-baendigen\/","og_site_name":"Reine Cosmetique","article_published_time":"2023-09-23T08:30:00+00:00","og_image":[{"width":1440,"height":810,"url":"https:\/\/reinecosmetique.fr\/wp-content\/uploads\/2023\/09\/lart-de-dompter-vos-cheveux-afro-avec-le-peigne-approprie-2.jpg","type":"image\/jpeg"}],"author":"reinecosmetique","twitter_card":"summary_large_image","twitter_misc":{"Verfasst von":"reinecosmetique","Gesch\u00e4tzte Lesezeit":"3 Minuten"},"schema":{"@context":"https:\/\/schema.org","@graph":[{"@type":"Article","@id":"https:\/\/reinecosmetique.fr\/de\/die-kunst-ihr-afrohaar-mit-dem-richtigen-kamm-zu-baendigen\/#article","isPartOf":{"@id":"https:\/\/reinecosmetique.fr\/de\/die-kunst-ihr-afrohaar-mit-dem-richtigen-kamm-zu-baendigen\/"},"author":{"name":"reinecosmetique","@id":"https:\/\/reinecosmetique.fr\/de\/#\/schema\/person\/e7af023d35cd85181add99c13c4e9a47"},"headline":"Die Kunst, Ihr Afrohaar mit dem richtigen Kamm zu b\u00e4ndigen","datePublished":"2023-09-23T08:30:00+00:00","dateModified":"2023-09-23T08:30:00+00:00","mainEntityOfPage":{"@id":"https:\/\/reinecosmetique.fr\/de\/die-kunst-ihr-afrohaar-mit-dem-richtigen-kamm-zu-baendigen\/"},"wordCount":678,"commentCount":0,"publisher":{"@id":"https:\/\/reinecosmetique.fr\/de\/#organization"},"image":{"@id":"https:\/\/reinecosmetique.fr\/de\/die-kunst-ihr-afrohaar-mit-dem-richtigen-kamm-zu-baendigen\/#primaryimage"},"thumbnailUrl":"https:\/\/reinecosmetique.fr\/wp-content\/uploads\/2023\/09\/lart-de-dompter-vos-cheveux-afro-avec-le-peigne-approprie-2.jpg","articleSection":["Haar","Wohlbefinden"],"inLanguage":"de","potentialAction":[{"@type":"CommentAction","name":"Comment","target":["https:\/\/reinecosmetique.fr\/de\/die-kunst-ihr-afrohaar-mit-dem-richtigen-kamm-zu-baendigen\/#respond"]}]},{"@type":"WebPage","@id":"https:\/\/reinecosmetique.fr\/de\/die-kunst-ihr-afrohaar-mit-dem-richtigen-kamm-zu-baendigen\/","url":"https:\/\/reinecosmetique.fr\/de\/die-kunst-ihr-afrohaar-mit-dem-richtigen-kamm-zu-baendigen\/","name":"Die Kunst, Ihr Afrohaar mit dem richtigen Kamm zu b\u00e4ndigen - Reine Cosmetique","isPartOf":{"@id":"https:\/\/reinecosmetique.fr\/de\/#website"},"primaryImageOfPage":{"@id":"https:\/\/reinecosmetique.fr\/de\/die-kunst-ihr-afrohaar-mit-dem-richtigen-kamm-zu-baendigen\/#primaryimage"},"image":{"@id":"https:\/\/reinecosmetique.fr\/de\/die-kunst-ihr-afrohaar-mit-dem-richtigen-kamm-zu-baendigen\/#primaryimage"},"thumbnailUrl":"https:\/\/reinecosmetique.fr\/wp-content\/uploads\/2023\/09\/lart-de-dompter-vos-cheveux-afro-avec-le-peigne-approprie-2.jpg","datePublished":"2023-09-23T08:30:00+00:00","dateModified":"2023-09-23T08:30:00+00:00","breadcrumb":{"@id":"https:\/\/reinecosmetique.fr\/de\/die-kunst-ihr-afrohaar-mit-dem-richtigen-kamm-zu-baendigen\/#breadcrumb"},"inLanguage":"de","potentialAction":[{"@type":"ReadAction","target":["https:\/\/reinecosmetique.fr\/de\/die-kunst-ihr-afrohaar-mit-dem-richtigen-kamm-zu-baendigen\/"]}]},{"@type":"ImageObject","inLanguage":"de","@id":"https:\/\/reinecosmetique.fr\/de\/die-kunst-ihr-afrohaar-mit-dem-richtigen-kamm-zu-baendigen\/#primaryimage","url":"https:\/\/reinecosmetique.fr\/wp-content\/uploads\/2023\/09\/lart-de-dompter-vos-cheveux-afro-avec-le-peigne-approprie-2.jpg","contentUrl":"https:\/\/reinecosmetique.fr\/wp-content\/uploads\/2023\/09\/lart-de-dompter-vos-cheveux-afro-avec-le-peigne-approprie-2.jpg","width":1440,"height":810},{"@type":"BreadcrumbList","@id":"https:\/\/reinecosmetique.fr\/de\/die-kunst-ihr-afrohaar-mit-dem-richtigen-kamm-zu-baendigen\/#breadcrumb","itemListElement":[{"@type":"ListItem","position":1,"name":"Accueil","item":"https:\/\/reinecosmetique.fr\/de\/entdecken-sie-die-kunst-der-schoenheit-auf-unserer-website-trends-tipps-und-entdeckungen\/"},{"@type":"ListItem","position":2,"name":"Die Kunst, Ihr Afrohaar mit dem richtigen Kamm zu b\u00e4ndigen"}]},{"@type":"WebSite","@id":"https:\/\/reinecosmetique.fr\/de\/#website","url":"https:\/\/reinecosmetique.fr\/de\/","name":"Reine Cosmetique","description":"","publisher":{"@id":"https:\/\/reinecosmetique.fr\/de\/#organization"},"potentialAction":[{"@type":"SearchAction","target":{"@type":"EntryPoint","urlTemplate":"https:\/\/reinecosmetique.fr\/de\/?s={search_term_string}"},"query-input":"required name=search_term_string"}],"inLanguage":"de"},{"@type":"Organization","@id":"https:\/\/reinecosmetique.fr\/de\/#organization","name":"Reine Cosmetique","url":"https:\/\/reinecosmetique.fr\/de\/","logo":{"@type":"ImageObject","inLanguage":"de","@id":"https:\/\/reinecosmetique.fr\/de\/#\/schema\/logo\/image\/","url":"https:\/\/reinecosmetique.fr\/wp-content\/uploads\/2023\/11\/logo.png","contentUrl":"https:\/\/reinecosmetique.fr\/wp-content\/uploads\/2023\/11\/logo.png","width":203,"height":176,"caption":"Reine Cosmetique"},"image":{"@id":"https:\/\/reinecosmetique.fr\/de\/#\/schema\/logo\/image\/"}},{"@type":"Person","@id":"https:\/\/reinecosmetique.fr\/de\/#\/schema\/person\/e7af023d35cd85181add99c13c4e9a47","name":"reinecosmetique","image":{"@type":"ImageObject","inLanguage":"de","@id":"https:\/\/reinecosmetique.fr\/de\/#\/schema\/person\/image\/","url":"https:\/\/secure.gravatar.com\/avatar\/57cce553753163cf73ee9cdd9ecefccb526cd7f0b33cb0c0309ab2e04fd3c4d9?s=96&d=mm&r=g","contentUrl":"https:\/\/secure.gravatar.com\/avatar\/57cce553753163cf73ee9cdd9ecefccb526cd7f0b33cb0c0309ab2e04fd3c4d9?s=96&d=mm&r=g","caption":"reinecosmetique"},"sameAs":["https:\/\/www.reinecosmetique.fr"],"url":"https:\/\/reinecosmetique.fr\/de\/author\/reinecosmetique\/"}]}},"_links":{"self":[{"href":"https:\/\/reinecosmetique.fr\/de\/wp-json\/wp\/v2\/posts\/860","targetHints":{"allow":["GET"]}}],"collection":[{"href":"https:\/\/reinecosmetique.fr\/de\/wp-json\/wp\/v2\/posts"}],"about":[{"href":"https:\/\/reinecosmetique.fr\/de\/wp-json\/wp\/v2\/types\/post"}],"author":[{"embeddable":true,"href":"https:\/\/reinecosmetique.fr\/de\/wp-json\/wp\/v2\/users\/1"}],"replies":[{"embeddable":true,"href":"https:\/\/reinecosmetique.fr\/de\/wp-json\/wp\/v2\/comments?post=860"}],"version-history":[{"count":0,"href":"https:\/\/reinecosmetique.fr\/de\/wp-json\/wp\/v2\/posts\/860\/revisions"}],"wp:featuredmedia":[{"embeddable":true,"href":"https:\/\/reinecosmetique.fr\/de\/wp-json\/wp\/v2\/media\/867"}],"wp:attachment":[{"href":"https:\/\/reinecosmetique.fr\/de\/wp-json\/wp\/v2\/media?parent=860"}],"wp:term":[{"taxonomy":"category","embeddable":true,"href":"https:\/\/reinecosmetique.fr\/de\/wp-json\/wp\/v2\/categories?post=860"},{"taxonomy":"post_tag","embeddable":true,"href":"https:\/\/reinecosmetique.fr\/de\/wp-json\/wp\/v2\/tags?post=860"}],"curies":[{"name":"wp","href":"https:\/\/api.w.org\/{rel}","templated":true}]}}