{"id":881,"date":"2023-09-23T10:30:00","date_gmt":"2023-09-23T08:30:00","guid":{"rendered":"https:\/\/reinecosmetique.fr\/el-arte-de-domar-tu-pelo-afro-con-el-peine-adecuado\/"},"modified":"2026-04-09T13:29:26","modified_gmt":"2026-04-09T11:29:26","slug":"el-arte-de-domar-tu-pelo-afro-con-el-peine-adecuado","status":"publish","type":"post","link":"https:\/\/reinecosmetique.fr\/es\/el-arte-de-domar-tu-pelo-afro-con-el-peine-adecuado\/","title":{"rendered":"El arte de domar tu pelo afro con el peine adecuado"},"content":{"rendered":"<p>El pelo afro tiene una naturaleza \u00fanica y requiere cuidados especiales. Un elemento esencial en la gama de accesorios capilares para los aficionados al estilo afro es el <strong>peine afro<\/strong>. Esta herramienta es una parte integral del mantenimiento diario para quienes quieren mantener sus rizos sanos.  <\/p>\n<h2>\u00bfPor qu\u00e9 utilizar un peine especial para tu pelo afro?<\/h2>\n<p>La principal caracter\u00edstica del pelo afro es su densidad y rizo. Los peines ordinarios a menudo pueden resultar inadecuados y da\u00f1ar la estructura del pelo. Un peine afro, en cambio, tiene <strong>dientes anchos<\/strong> y espaciados para respetar la naturaleza espec\u00edfica del pelo afro. Esto significa que puedes desenredarte el pelo con eficacia y sin dolor, al tiempo que conservas la calidad de tus rizos.   <\/p>\n<h2>Los diferentes tipos de peines afro<\/h2>\n<p>Hay varios tipos de peine afro que se adaptan a las necesidades de cada uno en cuanto a tama\u00f1o, forma y material. Aqu\u00ed tienes algunos de los m\u00e1s populares: <\/p>\n<h3>El peine afro cl\u00e1sico<\/h3>\n<p>Es la herramienta b\u00e1sica ideal para desenredar y peinar el pelo afro. Su construcci\u00f3n de pl\u00e1stico es ligera y resistente, lo que lo convierte en un aliado pr\u00e1ctico para el uso diario. Los dientes de este peine suelen ser bastante anchos y espaciados, lo que permite desenredar el pelo sin romperlo ni tirar demasiado de \u00e9l.  <\/p>\n<h3>Peine afro de bamb\u00fa<\/h3>\n<p>M\u00e1s ecol\u00f3gico que la versi\u00f3n de pl\u00e1stico, el <strong>peine afro de bamb\u00fa<\/strong> es una alternativa interesante. El bamb\u00fa es un material natural resistente y duradero que a\u00f1ade un toque de autenticidad a tu rutina de peinado afro. Su principal ventaja reside en su capacidad para reducir la electricidad est\u00e1tica durante el peinado, para limitar el encrespamiento.  <\/p>\n<h3>Peine afro con mango<\/h3>\n<p>Para quienes desean m\u00e1s control al desenredar, el peine afro con mango es una buena opci\u00f3n. Adem\u00e1s de los dientes anchos y muy espaciados t\u00edpicos del peine afro, tiene un mango ergon\u00f3mico que facilita la sujeci\u00f3n y ofrece mayor libertad de movimiento. <\/p>\n<h2><img fetchpriority=\"high\" decoding=\"async\" class=\"aligncenter wp-image-75 size-full\" src=\"https:\/\/www.reinecosmetique.fr\/wp-content\/uploads\/2023\/09\/lart-de-dompter-vos-cheveux-afro-avec-le-peigne-approprie-1.jpg\" alt=\"\" width=\"1440\" height=\"810\" srcset=\"https:\/\/reinecosmetique.fr\/wp-content\/uploads\/2023\/09\/lart-de-dompter-vos-cheveux-afro-avec-le-peigne-approprie-1.jpg 1440w, https:\/\/reinecosmetique.fr\/wp-content\/uploads\/2023\/09\/lart-de-dompter-vos-cheveux-afro-avec-le-peigne-approprie-1-300x169.jpg 300w, https:\/\/reinecosmetique.fr\/wp-content\/uploads\/2023\/09\/lart-de-dompter-vos-cheveux-afro-avec-le-peigne-approprie-1-1024x576.jpg 1024w, https:\/\/reinecosmetique.fr\/wp-content\/uploads\/2023\/09\/lart-de-dompter-vos-cheveux-afro-avec-le-peigne-approprie-1-768x432.jpg 768w\" sizes=\"(max-width: 1440px) 100vw, 1440px\" \/><\/h2>\n<h2>\u00bfC\u00f3mo debo utilizar el peine afro para obtener resultados \u00f3ptimos?<\/h2>\n<p>Elegir el peine adecuado a tus necesidades es esencial, pero tambi\u00e9n debes saber c\u00f3mo utilizarlo correctamente. Aqu\u00ed tienes algunos consejos para sacar el m\u00e1ximo partido a tu peine afro: <\/p>\n<ol>\n<li><strong>Empieza por humedecer bien el pelo<\/strong>. Para facilitar el peinado y evitar que se rompan los rizos, desenreda el pelo cuando est\u00e9 h\u00famedo o despu\u00e9s de aplicar un producto hidratante. <\/li>\n<li><strong>Desenreda el pelo por secciones<\/strong>. Div\u00eddelo en varias secciones para facilitar el proceso. Empieza por la nuca y ve subiendo poco a poco hasta la coronilla, peinando suavemente cada secci\u00f3n.  <\/li>\n<li><strong>Utiliza una t\u00e9cnica de \u00abpeinado en seco\u00bb<\/strong> para conservar los rizos naturales de tu pelo afro. Consiste en peinar suavemente las puntas y luego ir subiendo poco a poco hacia las ra\u00edces. <\/li>\n<li>Durante el proceso de desenredado, <strong>s\u00e9 paciente y suave<\/strong>. Cuanto m\u00e1s trabajes los nudos, m\u00e1s probabilidades tendr\u00e1s de da\u00f1ar el pelo y crear puntas abiertas. <\/li>\n<\/ol>\n<h2>\u00bfDebo elegir un peine afro espec\u00edfico para mi peinado?<\/h2>\n<p>Aunque el peine afro est\u00e1 dise\u00f1ado principalmente para mantener eficazmente el pelo encrespado y rizado, tambi\u00e9n puede ser \u00fatil para determinados peinados:<\/p>\n<ul>\n<li><strong>Rastas<\/strong>: si llevas rastas, recuerda optar por un modelo con dientes a\u00fan m\u00e1s anchos y espaciados para no da\u00f1ar tu peinado.<\/li>\n<li><strong>Vainillas, trenzas o retorcidos<\/strong>: para conseguir estos peinados protectores, un peine afro con mango puede ser muy pr\u00e1ctico para separar y alisar los mechones antes de trenzarlos o retorcerlos.<\/li>\n<li><strong>Volumen<\/strong>: para a\u00f1adir volumen a un peinado afro, tambi\u00e9n puedes utilizar un peine especial. Pasado suavemente sobre las ra\u00edces, levantar\u00e1 el pelo y crear\u00e1 un efecto voluminoso. <\/li>\n<\/ul>\n<p>En resumen, <strong>el peine afro es un aliado inestimable<\/strong> en el cuidado del pelo encrespado y rizado. Aseg\u00farate de elegir el modelo que mejor se adapte a tus necesidades, y no dudes en experimentar con distintas t\u00e9cnicas para obtener los resultados que deseas. \u00a1Tendr\u00e1s unos rizos preciosos, sanos y sin enredos!  <\/p>\n","protected":false},"excerpt":{"rendered":"<p>El pelo afro tiene una naturaleza \u00fanica y requiere cuidados especiales. Un elemento esencial en la gama de accesorios capilares para los aficionados al estilo afro es el peine afro. Esta herramienta es una parte integral del mantenimiento diario para quienes quieren mantener sus rizos sanos. \u00bfPor qu\u00e9 utilizar un peine especial para tu pelo [&hellip;]<\/p>\n","protected":false},"author":1,"featured_media":887,"comment_status":"open","ping_status":"open","sticky":false,"template":"","format":"standard","meta":{"footnotes":""},"categories":[130,133],"tags":[],"class_list":["post-881","post","type-post","status-publish","format-standard","has-post-thumbnail","hentry","category-bienestar","category-pelo"],"yoast_head":"<!-- This site is optimized with the Yoast SEO plugin v22.6 - https:\/\/yoast.com\/wordpress\/plugins\/seo\/ -->\n<title>El arte de domar tu pelo afro con el peine adecuado - Reine Cosmetique<\/title>\n<meta name=\"robots\" content=\"index, follow, max-snippet:-1, max-image-preview:large, max-video-preview:-1\" \/>\n<link rel=\"canonical\" href=\"https:\/\/reinecosmetique.fr\/es\/el-arte-de-domar-tu-pelo-afro-con-el-peine-adecuado\/\" \/>\n<meta property=\"og:locale\" content=\"es_ES\" \/>\n<meta property=\"og:type\" content=\"article\" \/>\n<meta property=\"og:title\" content=\"El arte de domar tu pelo afro con el peine adecuado - Reine Cosmetique\" \/>\n<meta property=\"og:description\" content=\"El pelo afro tiene una naturaleza \u00fanica y requiere cuidados especiales. Un elemento esencial en la gama de accesorios capilares para los aficionados al estilo afro es el peine afro. Esta herramienta es una parte integral del mantenimiento diario para quienes quieren mantener sus rizos sanos. \u00bfPor qu\u00e9 utilizar un peine especial para tu pelo [&hellip;]\" \/>\n<meta property=\"og:url\" content=\"https:\/\/reinecosmetique.fr\/es\/el-arte-de-domar-tu-pelo-afro-con-el-peine-adecuado\/\" \/>\n<meta property=\"og:site_name\" content=\"Reine Cosmetique\" \/>\n<meta property=\"article:published_time\" content=\"2023-09-23T08:30:00+00:00\" \/>\n<meta property=\"article:modified_time\" content=\"2026-04-09T11:29:26+00:00\" \/>\n<meta property=\"og:image\" content=\"https:\/\/reinecosmetique.fr\/wp-content\/uploads\/2023\/09\/lart-de-dompter-vos-cheveux-afro-avec-le-peigne-approprie-2.jpg\" \/>\n\t<meta property=\"og:image:width\" content=\"1440\" \/>\n\t<meta property=\"og:image:height\" content=\"810\" \/>\n\t<meta property=\"og:image:type\" content=\"image\/jpeg\" \/>\n<meta name=\"author\" content=\"reinecosmetique\" \/>\n<meta name=\"twitter:card\" content=\"summary_large_image\" \/>\n<meta name=\"twitter:label1\" content=\"Escrito por\" \/>\n\t<meta name=\"twitter:data1\" content=\"reinecosmetique\" \/>\n\t<meta name=\"twitter:label2\" content=\"Tiempo de lectura\" \/>\n\t<meta name=\"twitter:data2\" content=\"3 minutos\" \/>\n<script type=\"application\/ld+json\" class=\"yoast-schema-graph\">{\"@context\":\"https:\/\/schema.org\",\"@graph\":[{\"@type\":\"Article\",\"@id\":\"https:\/\/reinecosmetique.fr\/es\/el-arte-de-domar-tu-pelo-afro-con-el-peine-adecuado\/#article\",\"isPartOf\":{\"@id\":\"https:\/\/reinecosmetique.fr\/es\/el-arte-de-domar-tu-pelo-afro-con-el-peine-adecuado\/\"},\"author\":{\"name\":\"reinecosmetique\",\"@id\":\"https:\/\/reinecosmetique.fr\/es\/#\/schema\/person\/e7af023d35cd85181add99c13c4e9a47\"},\"headline\":\"El arte de domar tu pelo afro con el peine adecuado\",\"datePublished\":\"2023-09-23T08:30:00+00:00\",\"dateModified\":\"2026-04-09T11:29:26+00:00\",\"mainEntityOfPage\":{\"@id\":\"https:\/\/reinecosmetique.fr\/es\/el-arte-de-domar-tu-pelo-afro-con-el-peine-adecuado\/\"},\"wordCount\":696,\"commentCount\":0,\"publisher\":{\"@id\":\"https:\/\/reinecosmetique.fr\/es\/#organization\"},\"image\":{\"@id\":\"https:\/\/reinecosmetique.fr\/es\/el-arte-de-domar-tu-pelo-afro-con-el-peine-adecuado\/#primaryimage\"},\"thumbnailUrl\":\"https:\/\/reinecosmetique.fr\/wp-content\/uploads\/2023\/09\/lart-de-dompter-vos-cheveux-afro-avec-le-peigne-approprie-2.jpg\",\"articleSection\":[\"Bienestar\",\"Pelo\"],\"inLanguage\":\"es\",\"potentialAction\":[{\"@type\":\"CommentAction\",\"name\":\"Comment\",\"target\":[\"https:\/\/reinecosmetique.fr\/es\/el-arte-de-domar-tu-pelo-afro-con-el-peine-adecuado\/#respond\"]}]},{\"@type\":\"WebPage\",\"@id\":\"https:\/\/reinecosmetique.fr\/es\/el-arte-de-domar-tu-pelo-afro-con-el-peine-adecuado\/\",\"url\":\"https:\/\/reinecosmetique.fr\/es\/el-arte-de-domar-tu-pelo-afro-con-el-peine-adecuado\/\",\"name\":\"El arte de domar tu pelo afro con el peine adecuado - Reine Cosmetique\",\"isPartOf\":{\"@id\":\"https:\/\/reinecosmetique.fr\/es\/#website\"},\"primaryImageOfPage\":{\"@id\":\"https:\/\/reinecosmetique.fr\/es\/el-arte-de-domar-tu-pelo-afro-con-el-peine-adecuado\/#primaryimage\"},\"image\":{\"@id\":\"https:\/\/reinecosmetique.fr\/es\/el-arte-de-domar-tu-pelo-afro-con-el-peine-adecuado\/#primaryimage\"},\"thumbnailUrl\":\"https:\/\/reinecosmetique.fr\/wp-content\/uploads\/2023\/09\/lart-de-dompter-vos-cheveux-afro-avec-le-peigne-approprie-2.jpg\",\"datePublished\":\"2023-09-23T08:30:00+00:00\",\"dateModified\":\"2026-04-09T11:29:26+00:00\",\"breadcrumb\":{\"@id\":\"https:\/\/reinecosmetique.fr\/es\/el-arte-de-domar-tu-pelo-afro-con-el-peine-adecuado\/#breadcrumb\"},\"inLanguage\":\"es\",\"potentialAction\":[{\"@type\":\"ReadAction\",\"target\":[\"https:\/\/reinecosmetique.fr\/es\/el-arte-de-domar-tu-pelo-afro-con-el-peine-adecuado\/\"]}]},{\"@type\":\"ImageObject\",\"inLanguage\":\"es\",\"@id\":\"https:\/\/reinecosmetique.fr\/es\/el-arte-de-domar-tu-pelo-afro-con-el-peine-adecuado\/#primaryimage\",\"url\":\"https:\/\/reinecosmetique.fr\/wp-content\/uploads\/2023\/09\/lart-de-dompter-vos-cheveux-afro-avec-le-peigne-approprie-2.jpg\",\"contentUrl\":\"https:\/\/reinecosmetique.fr\/wp-content\/uploads\/2023\/09\/lart-de-dompter-vos-cheveux-afro-avec-le-peigne-approprie-2.jpg\",\"width\":1440,\"height\":810},{\"@type\":\"BreadcrumbList\",\"@id\":\"https:\/\/reinecosmetique.fr\/es\/el-arte-de-domar-tu-pelo-afro-con-el-peine-adecuado\/#breadcrumb\",\"itemListElement\":[{\"@type\":\"ListItem\",\"position\":1,\"name\":\"Accueil\",\"item\":\"https:\/\/reinecosmetique.fr\/es\/descubre-el-arte-de-la-belleza-en-nuestra-web-tendencias-consejos-y-descubrimientos\/\"},{\"@type\":\"ListItem\",\"position\":2,\"name\":\"El arte de domar tu pelo afro con el peine adecuado\"}]},{\"@type\":\"WebSite\",\"@id\":\"https:\/\/reinecosmetique.fr\/es\/#website\",\"url\":\"https:\/\/reinecosmetique.fr\/es\/\",\"name\":\"Reine Cosmetique\",\"description\":\"\",\"publisher\":{\"@id\":\"https:\/\/reinecosmetique.fr\/es\/#organization\"},\"potentialAction\":[{\"@type\":\"SearchAction\",\"target\":{\"@type\":\"EntryPoint\",\"urlTemplate\":\"https:\/\/reinecosmetique.fr\/es\/?s={search_term_string}\"},\"query-input\":\"required name=search_term_string\"}],\"inLanguage\":\"es\"},{\"@type\":\"Organization\",\"@id\":\"https:\/\/reinecosmetique.fr\/es\/#organization\",\"name\":\"Reine Cosmetique\",\"url\":\"https:\/\/reinecosmetique.fr\/es\/\",\"logo\":{\"@type\":\"ImageObject\",\"inLanguage\":\"es\",\"@id\":\"https:\/\/reinecosmetique.fr\/es\/#\/schema\/logo\/image\/\",\"url\":\"https:\/\/reinecosmetique.fr\/wp-content\/uploads\/2023\/11\/logo.png\",\"contentUrl\":\"https:\/\/reinecosmetique.fr\/wp-content\/uploads\/2023\/11\/logo.png\",\"width\":203,\"height\":176,\"caption\":\"Reine Cosmetique\"},\"image\":{\"@id\":\"https:\/\/reinecosmetique.fr\/es\/#\/schema\/logo\/image\/\"}},{\"@type\":\"Person\",\"@id\":\"https:\/\/reinecosmetique.fr\/es\/#\/schema\/person\/e7af023d35cd85181add99c13c4e9a47\",\"name\":\"reinecosmetique\",\"image\":{\"@type\":\"ImageObject\",\"inLanguage\":\"es\",\"@id\":\"https:\/\/reinecosmetique.fr\/es\/#\/schema\/person\/image\/\",\"url\":\"https:\/\/secure.gravatar.com\/avatar\/57cce553753163cf73ee9cdd9ecefccb526cd7f0b33cb0c0309ab2e04fd3c4d9?s=96&d=mm&r=g\",\"contentUrl\":\"https:\/\/secure.gravatar.com\/avatar\/57cce553753163cf73ee9cdd9ecefccb526cd7f0b33cb0c0309ab2e04fd3c4d9?s=96&d=mm&r=g\",\"caption\":\"reinecosmetique\"},\"sameAs\":[\"https:\/\/www.reinecosmetique.fr\"],\"url\":\"https:\/\/reinecosmetique.fr\/es\/author\/reinecosmetique\/\"}]}<\/script>\n<!-- \/ Yoast SEO plugin. -->","yoast_head_json":{"title":"El arte de domar tu pelo afro con el peine adecuado - Reine Cosmetique","robots":{"index":"index","follow":"follow","max-snippet":"max-snippet:-1","max-image-preview":"max-image-preview:large","max-video-preview":"max-video-preview:-1"},"canonical":"https:\/\/reinecosmetique.fr\/es\/el-arte-de-domar-tu-pelo-afro-con-el-peine-adecuado\/","og_locale":"es_ES","og_type":"article","og_title":"El arte de domar tu pelo afro con el peine adecuado - Reine Cosmetique","og_description":"El pelo afro tiene una naturaleza \u00fanica y requiere cuidados especiales. Un elemento esencial en la gama de accesorios capilares para los aficionados al estilo afro es el peine afro. Esta herramienta es una parte integral del mantenimiento diario para quienes quieren mantener sus rizos sanos. \u00bfPor qu\u00e9 utilizar un peine especial para tu pelo [&hellip;]","og_url":"https:\/\/reinecosmetique.fr\/es\/el-arte-de-domar-tu-pelo-afro-con-el-peine-adecuado\/","og_site_name":"Reine Cosmetique","article_published_time":"2023-09-23T08:30:00+00:00","article_modified_time":"2026-04-09T11:29:26+00:00","og_image":[{"width":1440,"height":810,"url":"https:\/\/reinecosmetique.fr\/wp-content\/uploads\/2023\/09\/lart-de-dompter-vos-cheveux-afro-avec-le-peigne-approprie-2.jpg","type":"image\/jpeg"}],"author":"reinecosmetique","twitter_card":"summary_large_image","twitter_misc":{"Escrito por":"reinecosmetique","Tiempo de lectura":"3 minutos"},"schema":{"@context":"https:\/\/schema.org","@graph":[{"@type":"Article","@id":"https:\/\/reinecosmetique.fr\/es\/el-arte-de-domar-tu-pelo-afro-con-el-peine-adecuado\/#article","isPartOf":{"@id":"https:\/\/reinecosmetique.fr\/es\/el-arte-de-domar-tu-pelo-afro-con-el-peine-adecuado\/"},"author":{"name":"reinecosmetique","@id":"https:\/\/reinecosmetique.fr\/es\/#\/schema\/person\/e7af023d35cd85181add99c13c4e9a47"},"headline":"El arte de domar tu pelo afro con el peine adecuado","datePublished":"2023-09-23T08:30:00+00:00","dateModified":"2026-04-09T11:29:26+00:00","mainEntityOfPage":{"@id":"https:\/\/reinecosmetique.fr\/es\/el-arte-de-domar-tu-pelo-afro-con-el-peine-adecuado\/"},"wordCount":696,"commentCount":0,"publisher":{"@id":"https:\/\/reinecosmetique.fr\/es\/#organization"},"image":{"@id":"https:\/\/reinecosmetique.fr\/es\/el-arte-de-domar-tu-pelo-afro-con-el-peine-adecuado\/#primaryimage"},"thumbnailUrl":"https:\/\/reinecosmetique.fr\/wp-content\/uploads\/2023\/09\/lart-de-dompter-vos-cheveux-afro-avec-le-peigne-approprie-2.jpg","articleSection":["Bienestar","Pelo"],"inLanguage":"es","potentialAction":[{"@type":"CommentAction","name":"Comment","target":["https:\/\/reinecosmetique.fr\/es\/el-arte-de-domar-tu-pelo-afro-con-el-peine-adecuado\/#respond"]}]},{"@type":"WebPage","@id":"https:\/\/reinecosmetique.fr\/es\/el-arte-de-domar-tu-pelo-afro-con-el-peine-adecuado\/","url":"https:\/\/reinecosmetique.fr\/es\/el-arte-de-domar-tu-pelo-afro-con-el-peine-adecuado\/","name":"El arte de domar tu pelo afro con el peine adecuado - Reine Cosmetique","isPartOf":{"@id":"https:\/\/reinecosmetique.fr\/es\/#website"},"primaryImageOfPage":{"@id":"https:\/\/reinecosmetique.fr\/es\/el-arte-de-domar-tu-pelo-afro-con-el-peine-adecuado\/#primaryimage"},"image":{"@id":"https:\/\/reinecosmetique.fr\/es\/el-arte-de-domar-tu-pelo-afro-con-el-peine-adecuado\/#primaryimage"},"thumbnailUrl":"https:\/\/reinecosmetique.fr\/wp-content\/uploads\/2023\/09\/lart-de-dompter-vos-cheveux-afro-avec-le-peigne-approprie-2.jpg","datePublished":"2023-09-23T08:30:00+00:00","dateModified":"2026-04-09T11:29:26+00:00","breadcrumb":{"@id":"https:\/\/reinecosmetique.fr\/es\/el-arte-de-domar-tu-pelo-afro-con-el-peine-adecuado\/#breadcrumb"},"inLanguage":"es","potentialAction":[{"@type":"ReadAction","target":["https:\/\/reinecosmetique.fr\/es\/el-arte-de-domar-tu-pelo-afro-con-el-peine-adecuado\/"]}]},{"@type":"ImageObject","inLanguage":"es","@id":"https:\/\/reinecosmetique.fr\/es\/el-arte-de-domar-tu-pelo-afro-con-el-peine-adecuado\/#primaryimage","url":"https:\/\/reinecosmetique.fr\/wp-content\/uploads\/2023\/09\/lart-de-dompter-vos-cheveux-afro-avec-le-peigne-approprie-2.jpg","contentUrl":"https:\/\/reinecosmetique.fr\/wp-content\/uploads\/2023\/09\/lart-de-dompter-vos-cheveux-afro-avec-le-peigne-approprie-2.jpg","width":1440,"height":810},{"@type":"BreadcrumbList","@id":"https:\/\/reinecosmetique.fr\/es\/el-arte-de-domar-tu-pelo-afro-con-el-peine-adecuado\/#breadcrumb","itemListElement":[{"@type":"ListItem","position":1,"name":"Accueil","item":"https:\/\/reinecosmetique.fr\/es\/descubre-el-arte-de-la-belleza-en-nuestra-web-tendencias-consejos-y-descubrimientos\/"},{"@type":"ListItem","position":2,"name":"El arte de domar tu pelo afro con el peine adecuado"}]},{"@type":"WebSite","@id":"https:\/\/reinecosmetique.fr\/es\/#website","url":"https:\/\/reinecosmetique.fr\/es\/","name":"Reine Cosmetique","description":"","publisher":{"@id":"https:\/\/reinecosmetique.fr\/es\/#organization"},"potentialAction":[{"@type":"SearchAction","target":{"@type":"EntryPoint","urlTemplate":"https:\/\/reinecosmetique.fr\/es\/?s={search_term_string}"},"query-input":"required name=search_term_string"}],"inLanguage":"es"},{"@type":"Organization","@id":"https:\/\/reinecosmetique.fr\/es\/#organization","name":"Reine Cosmetique","url":"https:\/\/reinecosmetique.fr\/es\/","logo":{"@type":"ImageObject","inLanguage":"es","@id":"https:\/\/reinecosmetique.fr\/es\/#\/schema\/logo\/image\/","url":"https:\/\/reinecosmetique.fr\/wp-content\/uploads\/2023\/11\/logo.png","contentUrl":"https:\/\/reinecosmetique.fr\/wp-content\/uploads\/2023\/11\/logo.png","width":203,"height":176,"caption":"Reine Cosmetique"},"image":{"@id":"https:\/\/reinecosmetique.fr\/es\/#\/schema\/logo\/image\/"}},{"@type":"Person","@id":"https:\/\/reinecosmetique.fr\/es\/#\/schema\/person\/e7af023d35cd85181add99c13c4e9a47","name":"reinecosmetique","image":{"@type":"ImageObject","inLanguage":"es","@id":"https:\/\/reinecosmetique.fr\/es\/#\/schema\/person\/image\/","url":"https:\/\/secure.gravatar.com\/avatar\/57cce553753163cf73ee9cdd9ecefccb526cd7f0b33cb0c0309ab2e04fd3c4d9?s=96&d=mm&r=g","contentUrl":"https:\/\/secure.gravatar.com\/avatar\/57cce553753163cf73ee9cdd9ecefccb526cd7f0b33cb0c0309ab2e04fd3c4d9?s=96&d=mm&r=g","caption":"reinecosmetique"},"sameAs":["https:\/\/www.reinecosmetique.fr"],"url":"https:\/\/reinecosmetique.fr\/es\/author\/reinecosmetique\/"}]}},"_links":{"self":[{"href":"https:\/\/reinecosmetique.fr\/es\/wp-json\/wp\/v2\/posts\/881","targetHints":{"allow":["GET"]}}],"collection":[{"href":"https:\/\/reinecosmetique.fr\/es\/wp-json\/wp\/v2\/posts"}],"about":[{"href":"https:\/\/reinecosmetique.fr\/es\/wp-json\/wp\/v2\/types\/post"}],"author":[{"embeddable":true,"href":"https:\/\/reinecosmetique.fr\/es\/wp-json\/wp\/v2\/users\/1"}],"replies":[{"embeddable":true,"href":"https:\/\/reinecosmetique.fr\/es\/wp-json\/wp\/v2\/comments?post=881"}],"version-history":[{"count":1,"href":"https:\/\/reinecosmetique.fr\/es\/wp-json\/wp\/v2\/posts\/881\/revisions"}],"predecessor-version":[{"id":935,"href":"https:\/\/reinecosmetique.fr\/es\/wp-json\/wp\/v2\/posts\/881\/revisions\/935"}],"wp:featuredmedia":[{"embeddable":true,"href":"https:\/\/reinecosmetique.fr\/es\/wp-json\/wp\/v2\/media\/887"}],"wp:attachment":[{"href":"https:\/\/reinecosmetique.fr\/es\/wp-json\/wp\/v2\/media?parent=881"}],"wp:term":[{"taxonomy":"category","embeddable":true,"href":"https:\/\/reinecosmetique.fr\/es\/wp-json\/wp\/v2\/categories?post=881"},{"taxonomy":"post_tag","embeddable":true,"href":"https:\/\/reinecosmetique.fr\/es\/wp-json\/wp\/v2\/tags?post=881"}],"curies":[{"name":"wp","href":"https:\/\/api.w.org\/{rel}","templated":true}]}}